{"id":1475,"date":"2022-06-15T11:57:29","date_gmt":"2022-06-15T09:57:29","guid":{"rendered":"https:\/\/universalmusicsites.es\/tatianadelalvz\/?p=1475"},"modified":"2022-06-15T11:57:29","modified_gmt":"2022-06-15T09:57:29","slug":"tatiana-delalvz-nos-regala-dos-caricias-con-demarco-flamenco","status":"publish","type":"post","link":"https:\/\/universalmusicsites.es\/tatianadelalvz\/tatiana-delalvz-nos-regala-dos-caricias-con-demarco-flamenco\/","title":{"rendered":"TATIANA DELALVZ  nos regala \u00abDos Caricias\u00bb  con DEMARCO FLAMENCO"},"content":{"rendered":"<table class=\"v1MsoNormalTable\" border=\"0\" width=\"100%\" cellspacing=\"0\" cellpadding=\"0\">\n<tbody>\n<tr>\n<td valign=\"top\">\n<div>\n<p>Un quej\u00edo y unos acordes de guitarra son los encargados de presentarnos esta canci\u00f3n cargada de amor y libertad.<\/p>\n<p>Con el anterior lanzamiento \u00abYo Nac\u00ed Pa Amarte\u00bb Tatiana nos sumerg\u00eda en una atm\u00f3sfera oscura, cargada de miedo y represi\u00f3n. Sin embargo, con\u00a0<b>\u00abDos Caricias\u00bb<\/b>, la cantante gaditana rompe por completo ese estado de contenci\u00f3n y nos regala mucho m\u00e1s que dos caricias en un contexto de liberaci\u00f3n y disfrute personal.<\/p>\n<p><b>Demarco flamenco<\/b>\u00a0se convierte en el aliado de Tatiana para interpretar esta canci\u00f3n que desprende la esencia flamenca, que los dos han respirado desde la infancia, y se combina con ritmos urbanos que refuerzan ese suspiro de aire fresco.<\/p>\n<p><b>Tatiana Delalvz<\/b>\u00a0con esta canci\u00f3n alcanza la libertad externa total :\u00a0<i>\u00abEs un momento en el que me da igual lo que piensen los dem\u00e1s. Lo m\u00e1s importante es mi pareja, mi vida, le cuento todo lo que puedo ofrecer y todo lo que me hace sentir. Es el momento de que el mundo vea a mi pareja, sin presi\u00f3n y con aut\u00e9ntica libertad\u00bb.<\/i><\/p>\n<p>\u00abDos Caricias\u00bb forma parte del proyecto m\u00e1s \u00edntimo de\u00a0<b>Tatiana Delalvz<\/b>, d\u00f3nde la artista nos traslada con sus propias vivencias a aquellas historias que se contaban en los Caf\u00e9s Cantantes.<\/p>\n<p>El lanzamiento viene acompa\u00f1ado de un videoclip que desprende frescura, pasi\u00f3n y alegr\u00eda. En un ambiente amistoso y rumbero,\u00a0<b>Tatiana y Demarco Flamenco<\/b>\u00a0nos ense\u00f1an el amor libre y sincero, la combinaci\u00f3n que nunca falla.<\/p>\n<table class=\"v1MsoNormalTable\" border=\"0\" width=\"100%\" cellspacing=\"0\" cellpadding=\"0\">\n<tbody>\n<tr>\n<td valign=\"top\">\n<div>\n<p><b>Sobre Tatiana Delalvz<\/b><\/p>\n<p>Artista desde la cuna. As\u00ed es Tatiana Delalvz. Nacida en una familia de artistas, la m\u00fasica y el baile corren por sus venas. Hija de bailaora, sobrina y nieta de cantaores, cantaoras y guitarristas multipremiados con reconocimientos en los festivales flamencos m\u00e1s importantes.<\/p>\n<p>Tatiana recibe desde muy temprana edad formaci\u00f3n de piano cl\u00e1sico obteniendo\u00a0 importantes premios con esta disciplina.<\/p>\n<p>Evidentemente no pod\u00eda ser de otra forma que habiendo bebido desde su nacimiento de estas fuentes de talento y expresi\u00f3n art\u00edstica, Tatiana Delalvz se empapara de todo este arte para aunarlo en un estilo propio, fusionando en su forma de hacer y entender la m\u00fasica todas estas disciplinas con las que creci\u00f3.<\/p>\n<p><b>Sobre Demarco Flamenco<\/b><\/p>\n<p>La historia de Demarco, comienza en Utrera hace 40 a\u00f1os. Cuando era solo Marcos Borrego L\u00f3pez, un ni\u00f1o que cantaba con soltura en las fiestas familiares. Era el hijo de Marcos, m\u00fasico de profesi\u00f3n y que le contagi\u00f3 el amor incondicional por este arte, que se ha convertido desde su infancia en su gran pasi\u00f3n.<\/p>\n<p>Ya de adulto, creaba y tarareaba estrofas al aire, sin l\u00e1piz ni papel dentro de un cami\u00f3n de reparto de butano, el trabajo que desempe\u00f1\u00f3 durante m\u00e1s de una d\u00e9cada. Versos que luego convert\u00eda en canciones en la intimidad de casa simplemente por diversi\u00f3n. Un buen d\u00eda decidi\u00f3 compartir con el mundo sus composiciones. Las colg\u00f3 en la red y todo estall\u00f3: hab\u00eda nacido Demarco Flamenco.<\/p>\n<p>El cantante Sevillano actualmente est\u00e1 preparando su tercer \u00e1lbum de estudio \u00abEn una sola palabra\u00bb con el que recorrer\u00e1 las principales ciudades de nuestro pa\u00eds.<\/p>\n<\/div>\n<\/td>\n<\/tr>\n<\/tbody>\n<\/table>\n<p class=\"v1MsoNormal\">\n<table class=\"v1MsoNormalTable\" border=\"0\" width=\"100%\" cellspacing=\"0\" cellpadding=\"0\">\n<tbody>\n<tr>\n<td>\n<p class=\"v1MsoNormal\"><img loading=\"lazy\" decoding=\"async\" id=\"v1_x0000_i1043\" src=\"https:\/\/i.emlfiles4.com\/cmpimg\/t\/s.gif\" width=\"1\" height=\"30\" border=\"0\" \/><\/p>\n<\/td>\n<\/tr>\n<\/tbody>\n<\/table>\n<\/div>\n<\/td>\n<\/tr>\n<\/tbody>\n<\/table>\n<p class=\"v1MsoNormal\">\n<table class=\"v1MsoNormalTable\" border=\"0\" width=\"100%\" cellspacing=\"0\" cellpadding=\"0\">\n<tbody>\n<tr>\n<td>\n<p class=\"v1MsoNormal\"><img loading=\"lazy\" decoding=\"async\" id=\"v1_x0000_i1046\" src=\"https:\/\/i.emlfiles4.com\/cmpimg\/t\/s.gif\" width=\"1\" height=\"20\" border=\"0\" \/><\/p>\n<\/td>\n<\/tr>\n<\/tbody>\n<\/table>\n","protected":false},"excerpt":{"rendered":"<p>Un quej\u00edo y unos acordes de guitarra son los encargados de presentarnos esta canci\u00f3n cargada de amor y libertad. Con el anterior lanzamiento \u00abYo Nac\u00ed Pa Amarte\u00bb Tatiana nos sumerg\u00eda en una atm\u00f3sfera oscura, cargada de miedo y represi\u00f3n. Sin embargo, con\u00a0\u00abDos Caricias\u00bb, la cantante gaditana rompe por completo ese estado de contenci\u00f3n y nos [&hellip;]<\/p>\n","protected":false},"author":1,"featured_media":1476,"comment_status":"open","ping_status":"open","sticky":false,"template":"","format":"standard","meta":{"_acf_changed":false,"_themeisle_gutenberg_block_has_review":false,"footnotes":""},"categories":[1],"tags":[],"class_list":["post-1475","post","type-post","status-publish","format-standard","has-post-thumbnail","hentry","category-sin-categoria"],"acf":[],"yoast_head":"<!-- This site is optimized with the Yoast SEO plugin v25.3 - https:\/\/yoast.com\/wordpress\/plugins\/seo\/ -->\n<title>TATIANA DELALVZ nos regala &quot;Dos Caricias&quot; con DEMARCO FLAMENCO - Tatiana Delalvz<\/title>\n<meta name=\"robots\" content=\"index, follow, max-snippet:-1, max-image-preview:large, max-video-preview:-1\" \/>\n<link rel=\"canonical\" href=\"https:\/\/universalmusicsites.es\/tatianadelalvz\/tatiana-delalvz-nos-regala-dos-caricias-con-demarco-flamenco\/\" \/>\n<meta property=\"og:locale\" content=\"es_ES\" \/>\n<meta property=\"og:type\" content=\"article\" \/>\n<meta property=\"og:title\" content=\"TATIANA DELALVZ nos regala &quot;Dos Caricias&quot; con DEMARCO FLAMENCO - Tatiana Delalvz\" \/>\n<meta property=\"og:description\" content=\"Un quej\u00edo y unos acordes de guitarra son los encargados de presentarnos esta canci\u00f3n cargada de amor y libertad. Con el anterior lanzamiento \u00abYo Nac\u00ed Pa Amarte\u00bb Tatiana nos sumerg\u00eda en una atm\u00f3sfera oscura, cargada de miedo y represi\u00f3n. Sin embargo, con\u00a0\u00abDos Caricias\u00bb, la cantante gaditana rompe por completo ese estado de contenci\u00f3n y nos [&hellip;]\" \/>\n<meta property=\"og:url\" content=\"https:\/\/universalmusicsites.es\/tatianadelalvz\/tatiana-delalvz-nos-regala-dos-caricias-con-demarco-flamenco\/\" \/>\n<meta property=\"og:site_name\" content=\"Tatiana Delalvz\" \/>\n<meta property=\"article:published_time\" content=\"2022-06-15T09:57:29+00:00\" \/>\n<meta property=\"og:image\" content=\"https:\/\/universalmusicsites.es\/tatianadelalvz\/wp-content\/uploads\/sites\/57\/2022\/06\/5.jpg\" \/>\n\t<meta property=\"og:image:width\" content=\"1830\" \/>\n\t<meta property=\"og:image:height\" content=\"840\" \/>\n\t<meta property=\"og:image:type\" content=\"image\/jpeg\" \/>\n<meta name=\"author\" content=\"keep\" \/>\n<meta name=\"twitter:card\" content=\"summary_large_image\" \/>\n<meta name=\"twitter:label1\" content=\"Escrito por\" \/>\n\t<meta name=\"twitter:data1\" content=\"keep\" \/>\n\t<meta name=\"twitter:label2\" content=\"Tiempo de lectura\" \/>\n\t<meta name=\"twitter:data2\" content=\"3 minutos\" \/>\n<script type=\"application\/ld+json\" class=\"yoast-schema-graph\">{\"@context\":\"https:\/\/schema.org\",\"@graph\":[{\"@type\":\"WebPage\",\"@id\":\"https:\/\/universalmusicsites.es\/tatianadelalvz\/tatiana-delalvz-nos-regala-dos-caricias-con-demarco-flamenco\/\",\"url\":\"https:\/\/universalmusicsites.es\/tatianadelalvz\/tatiana-delalvz-nos-regala-dos-caricias-con-demarco-flamenco\/\",\"name\":\"TATIANA DELALVZ nos regala \\\"Dos Caricias\\\" con DEMARCO FLAMENCO - Tatiana Delalvz\",\"isPartOf\":{\"@id\":\"https:\/\/universalmusicsites.es\/tatianadelalvz\/#website\"},\"primaryImageOfPage\":{\"@id\":\"https:\/\/universalmusicsites.es\/tatianadelalvz\/tatiana-delalvz-nos-regala-dos-caricias-con-demarco-flamenco\/#primaryimage\"},\"image\":{\"@id\":\"https:\/\/universalmusicsites.es\/tatianadelalvz\/tatiana-delalvz-nos-regala-dos-caricias-con-demarco-flamenco\/#primaryimage\"},\"thumbnailUrl\":\"https:\/\/universalmusicsites.es\/tatianadelalvz\/wp-content\/uploads\/sites\/57\/2022\/06\/5.jpg\",\"datePublished\":\"2022-06-15T09:57:29+00:00\",\"author\":{\"@id\":\"https:\/\/universalmusicsites.es\/tatianadelalvz\/#\/schema\/person\/d3c8c5d4797c04c785efc0900a13c967\"},\"breadcrumb\":{\"@id\":\"https:\/\/universalmusicsites.es\/tatianadelalvz\/tatiana-delalvz-nos-regala-dos-caricias-con-demarco-flamenco\/#breadcrumb\"},\"inLanguage\":\"es\",\"potentialAction\":[{\"@type\":\"ReadAction\",\"target\":[\"https:\/\/universalmusicsites.es\/tatianadelalvz\/tatiana-delalvz-nos-regala-dos-caricias-con-demarco-flamenco\/\"]}]},{\"@type\":\"ImageObject\",\"inLanguage\":\"es\",\"@id\":\"https:\/\/universalmusicsites.es\/tatianadelalvz\/tatiana-delalvz-nos-regala-dos-caricias-con-demarco-flamenco\/#primaryimage\",\"url\":\"https:\/\/universalmusicsites.es\/tatianadelalvz\/wp-content\/uploads\/sites\/57\/2022\/06\/5.jpg\",\"contentUrl\":\"https:\/\/universalmusicsites.es\/tatianadelalvz\/wp-content\/uploads\/sites\/57\/2022\/06\/5.jpg\",\"width\":1830,\"height\":840},{\"@type\":\"BreadcrumbList\",\"@id\":\"https:\/\/universalmusicsites.es\/tatianadelalvz\/tatiana-delalvz-nos-regala-dos-caricias-con-demarco-flamenco\/#breadcrumb\",\"itemListElement\":[{\"@type\":\"ListItem\",\"position\":1,\"name\":\"Portada\",\"item\":\"https:\/\/universalmusicsites.es\/tatianadelalvz\/\"},{\"@type\":\"ListItem\",\"position\":2,\"name\":\"TATIANA DELALVZ nos regala \u00abDos Caricias\u00bb con DEMARCO FLAMENCO\"}]},{\"@type\":\"WebSite\",\"@id\":\"https:\/\/universalmusicsites.es\/tatianadelalvz\/#website\",\"url\":\"https:\/\/universalmusicsites.es\/tatianadelalvz\/\",\"name\":\"Tatiana Delalvz\",\"description\":\"Modelo base para la creaci\u00f3n de nuevos site\",\"potentialAction\":[{\"@type\":\"SearchAction\",\"target\":{\"@type\":\"EntryPoint\",\"urlTemplate\":\"https:\/\/universalmusicsites.es\/tatianadelalvz\/?s={search_term_string}\"},\"query-input\":{\"@type\":\"PropertyValueSpecification\",\"valueRequired\":true,\"valueName\":\"search_term_string\"}}],\"inLanguage\":\"es\"},{\"@type\":\"Person\",\"@id\":\"https:\/\/universalmusicsites.es\/tatianadelalvz\/#\/schema\/person\/d3c8c5d4797c04c785efc0900a13c967\",\"name\":\"keep\",\"image\":{\"@type\":\"ImageObject\",\"inLanguage\":\"es\",\"@id\":\"https:\/\/universalmusicsites.es\/tatianadelalvz\/#\/schema\/person\/image\/\",\"url\":\"https:\/\/secure.gravatar.com\/avatar\/9c38fdc644758ff1f149e842793af193cce63cd3cfceeb2885d35370cf22a225?s=96&d=mm&r=g\",\"contentUrl\":\"https:\/\/secure.gravatar.com\/avatar\/9c38fdc644758ff1f149e842793af193cce63cd3cfceeb2885d35370cf22a225?s=96&d=mm&r=g\",\"caption\":\"keep\"},\"url\":\"https:\/\/universalmusicsites.es\/tatianadelalvz\/author\/adm_minisites\/\"}]}<\/script>\n<!-- \/ Yoast SEO plugin. -->","yoast_head_json":{"title":"TATIANA DELALVZ nos regala \"Dos Caricias\" con DEMARCO FLAMENCO - Tatiana Delalvz","robots":{"index":"index","follow":"follow","max-snippet":"max-snippet:-1","max-image-preview":"max-image-preview:large","max-video-preview":"max-video-preview:-1"},"canonical":"https:\/\/universalmusicsites.es\/tatianadelalvz\/tatiana-delalvz-nos-regala-dos-caricias-con-demarco-flamenco\/","og_locale":"es_ES","og_type":"article","og_title":"TATIANA DELALVZ nos regala \"Dos Caricias\" con DEMARCO FLAMENCO - Tatiana Delalvz","og_description":"Un quej\u00edo y unos acordes de guitarra son los encargados de presentarnos esta canci\u00f3n cargada de amor y libertad. Con el anterior lanzamiento \u00abYo Nac\u00ed Pa Amarte\u00bb Tatiana nos sumerg\u00eda en una atm\u00f3sfera oscura, cargada de miedo y represi\u00f3n. Sin embargo, con\u00a0\u00abDos Caricias\u00bb, la cantante gaditana rompe por completo ese estado de contenci\u00f3n y nos [&hellip;]","og_url":"https:\/\/universalmusicsites.es\/tatianadelalvz\/tatiana-delalvz-nos-regala-dos-caricias-con-demarco-flamenco\/","og_site_name":"Tatiana Delalvz","article_published_time":"2022-06-15T09:57:29+00:00","og_image":[{"width":1830,"height":840,"url":"https:\/\/universalmusicsites.es\/tatianadelalvz\/wp-content\/uploads\/sites\/57\/2022\/06\/5.jpg","type":"image\/jpeg"}],"author":"keep","twitter_card":"summary_large_image","twitter_misc":{"Escrito por":"keep","Tiempo de lectura":"3 minutos"},"schema":{"@context":"https:\/\/schema.org","@graph":[{"@type":"WebPage","@id":"https:\/\/universalmusicsites.es\/tatianadelalvz\/tatiana-delalvz-nos-regala-dos-caricias-con-demarco-flamenco\/","url":"https:\/\/universalmusicsites.es\/tatianadelalvz\/tatiana-delalvz-nos-regala-dos-caricias-con-demarco-flamenco\/","name":"TATIANA DELALVZ nos regala \"Dos Caricias\" con DEMARCO FLAMENCO - Tatiana Delalvz","isPartOf":{"@id":"https:\/\/universalmusicsites.es\/tatianadelalvz\/#website"},"primaryImageOfPage":{"@id":"https:\/\/universalmusicsites.es\/tatianadelalvz\/tatiana-delalvz-nos-regala-dos-caricias-con-demarco-flamenco\/#primaryimage"},"image":{"@id":"https:\/\/universalmusicsites.es\/tatianadelalvz\/tatiana-delalvz-nos-regala-dos-caricias-con-demarco-flamenco\/#primaryimage"},"thumbnailUrl":"https:\/\/universalmusicsites.es\/tatianadelalvz\/wp-content\/uploads\/sites\/57\/2022\/06\/5.jpg","datePublished":"2022-06-15T09:57:29+00:00","author":{"@id":"https:\/\/universalmusicsites.es\/tatianadelalvz\/#\/schema\/person\/d3c8c5d4797c04c785efc0900a13c967"},"breadcrumb":{"@id":"https:\/\/universalmusicsites.es\/tatianadelalvz\/tatiana-delalvz-nos-regala-dos-caricias-con-demarco-flamenco\/#breadcrumb"},"inLanguage":"es","potentialAction":[{"@type":"ReadAction","target":["https:\/\/universalmusicsites.es\/tatianadelalvz\/tatiana-delalvz-nos-regala-dos-caricias-con-demarco-flamenco\/"]}]},{"@type":"ImageObject","inLanguage":"es","@id":"https:\/\/universalmusicsites.es\/tatianadelalvz\/tatiana-delalvz-nos-regala-dos-caricias-con-demarco-flamenco\/#primaryimage","url":"https:\/\/universalmusicsites.es\/tatianadelalvz\/wp-content\/uploads\/sites\/57\/2022\/06\/5.jpg","contentUrl":"https:\/\/universalmusicsites.es\/tatianadelalvz\/wp-content\/uploads\/sites\/57\/2022\/06\/5.jpg","width":1830,"height":840},{"@type":"BreadcrumbList","@id":"https:\/\/universalmusicsites.es\/tatianadelalvz\/tatiana-delalvz-nos-regala-dos-caricias-con-demarco-flamenco\/#breadcrumb","itemListElement":[{"@type":"ListItem","position":1,"name":"Portada","item":"https:\/\/universalmusicsites.es\/tatianadelalvz\/"},{"@type":"ListItem","position":2,"name":"TATIANA DELALVZ nos regala \u00abDos Caricias\u00bb con DEMARCO FLAMENCO"}]},{"@type":"WebSite","@id":"https:\/\/universalmusicsites.es\/tatianadelalvz\/#website","url":"https:\/\/universalmusicsites.es\/tatianadelalvz\/","name":"Tatiana Delalvz","description":"Modelo base para la creaci\u00f3n de nuevos site","potentialAction":[{"@type":"SearchAction","target":{"@type":"EntryPoint","urlTemplate":"https:\/\/universalmusicsites.es\/tatianadelalvz\/?s={search_term_string}"},"query-input":{"@type":"PropertyValueSpecification","valueRequired":true,"valueName":"search_term_string"}}],"inLanguage":"es"},{"@type":"Person","@id":"https:\/\/universalmusicsites.es\/tatianadelalvz\/#\/schema\/person\/d3c8c5d4797c04c785efc0900a13c967","name":"keep","image":{"@type":"ImageObject","inLanguage":"es","@id":"https:\/\/universalmusicsites.es\/tatianadelalvz\/#\/schema\/person\/image\/","url":"https:\/\/secure.gravatar.com\/avatar\/9c38fdc644758ff1f149e842793af193cce63cd3cfceeb2885d35370cf22a225?s=96&d=mm&r=g","contentUrl":"https:\/\/secure.gravatar.com\/avatar\/9c38fdc644758ff1f149e842793af193cce63cd3cfceeb2885d35370cf22a225?s=96&d=mm&r=g","caption":"keep"},"url":"https:\/\/universalmusicsites.es\/tatianadelalvz\/author\/adm_minisites\/"}]}},"_links":{"self":[{"href":"https:\/\/universalmusicsites.es\/tatianadelalvz\/wp-json\/wp\/v2\/posts\/1475","targetHints":{"allow":["GET"]}}],"collection":[{"href":"https:\/\/universalmusicsites.es\/tatianadelalvz\/wp-json\/wp\/v2\/posts"}],"about":[{"href":"https:\/\/universalmusicsites.es\/tatianadelalvz\/wp-json\/wp\/v2\/types\/post"}],"author":[{"embeddable":true,"href":"https:\/\/universalmusicsites.es\/tatianadelalvz\/wp-json\/wp\/v2\/users\/1"}],"replies":[{"embeddable":true,"href":"https:\/\/universalmusicsites.es\/tatianadelalvz\/wp-json\/wp\/v2\/comments?post=1475"}],"version-history":[{"count":1,"href":"https:\/\/universalmusicsites.es\/tatianadelalvz\/wp-json\/wp\/v2\/posts\/1475\/revisions"}],"predecessor-version":[{"id":1477,"href":"https:\/\/universalmusicsites.es\/tatianadelalvz\/wp-json\/wp\/v2\/posts\/1475\/revisions\/1477"}],"wp:featuredmedia":[{"embeddable":true,"href":"https:\/\/universalmusicsites.es\/tatianadelalvz\/wp-json\/wp\/v2\/media\/1476"}],"wp:attachment":[{"href":"https:\/\/universalmusicsites.es\/tatianadelalvz\/wp-json\/wp\/v2\/media?parent=1475"}],"wp:term":[{"taxonomy":"category","embeddable":true,"href":"https:\/\/universalmusicsites.es\/tatianadelalvz\/wp-json\/wp\/v2\/categories?post=1475"},{"taxonomy":"post_tag","embeddable":true,"href":"https:\/\/universalmusicsites.es\/tatianadelalvz\/wp-json\/wp\/v2\/tags?post=1475"}],"curies":[{"name":"wp","href":"https:\/\/api.w.org\/{rel}","templated":true}]}}