{"id":1472,"date":"2022-06-15T11:55:13","date_gmt":"2022-06-15T09:55:13","guid":{"rendered":"https:\/\/universalmusicsites.es\/tatianadelalvz\/?p=1472"},"modified":"2022-06-15T11:55:13","modified_gmt":"2022-06-15T09:55:13","slug":"tatiana-delalvz-estrena-su-nuevo-single-yo-naci-pa-amarte-con-luis-cortes","status":"publish","type":"post","link":"https:\/\/universalmusicsites.es\/tatianadelalvz\/tatiana-delalvz-estrena-su-nuevo-single-yo-naci-pa-amarte-con-luis-cortes\/","title":{"rendered":"TATIANA DELALVZ  estrena su nuevo single  &#8216;Yo Nac\u00ed Pa Amarte&#8217;  con LUIS CORT\u00c9S"},"content":{"rendered":"<table class=\"v1MsoNormalTable\" border=\"0\" width=\"100%\" cellspacing=\"0\" cellpadding=\"0\">\n<tbody>\n<tr>\n<td valign=\"top\"><b>Tatiana Delalvz<\/b>\u00a0presenta \u00abYo Nac\u00ed Pa Amarte\u00bb en una colaboraci\u00f3n pura y en\u00e9rgica con el joven artista emergente\u00a0<b>Luis Cort\u00e9s<\/b>.<\/p>\n<p><b>\u00abYo Nac\u00ed Pa Amarte\u00bb<\/b>\u00a0surge de las ra\u00edces flamencas de ambos artistas, d\u00f3nde el car\u00e1cter de las voces se diluye, sin perder su esencia, entre cajones, palmas y arreglos con un estilo urbano y festivo.<\/p>\n<p>Con la intro instrumental del cl\u00e1sico \u00abAy Pena, Penita, Pena\u00bb de Lola Flores, Tatiana nos sumerge en un espacio melanc\u00f3lico, d\u00f3nde nos ense\u00f1a con sus primeros versos una historia de miedo, pena y represi\u00f3n contada en primera persona. Sin embargo, con el impulso de su voz y el ritmo festivo de la canci\u00f3n nos traslada r\u00e1pidamente a un lugar libre y de disfrute.<\/p>\n<p>El tira y afloja de Tatiana Delalvz y Luis Cort\u00e9s aumentan el tono de la canci\u00f3n. Sin romper la armon\u00eda y el aura creado, van desvelando sus pasiones y deseos. Sensaciones que parecen prohibidas en un estado de miedo y represi\u00f3n.<\/p>\n<p>Con este tema, Tatiana nos acerca a un momento de su vida, una realidad latente, cargada de emociones, cuando estaba descubriendo su identidad sexual.<\/p>\n<p>El lanzamiento viene acompa\u00f1ado de un videoclip, producido por SBR audiovisual y dirigido por Edgardo Ch\u00e1vez, que nos muestra a Tatiana y a Luis Cort\u00e9s en un ambiente de diversi\u00f3n.<\/p>\n<p align=\"center\"><b>\u00bfA qu\u00e9 esperas para ver esta fusi\u00f3n de talento?<\/b><\/p>\n<p><b>Sobre Tatiana Delalvz<\/b><\/p>\n<p>Artista desde la cuna. As\u00ed es Tatiana Delalvz. Nacida en una familia de artistas, la m\u00fasica y el baile corren por sus venas. Hija de bailaora, sobrina y nieta de cantaores, cantaoras y guitarristas multipremiados con reconocimientos en los festivales flamencos m\u00e1s importantes.<\/p>\n<p>Tatiana recibe desde muy temprana edad formaci\u00f3n de piano cl\u00e1sico obteniendo\u00a0 importantes premios con esta disciplina.<\/p>\n<p>Evidentemente no pod\u00eda ser de otra forma que habiendo bebido desde su nacimiento de estas fuentes de talento y expresi\u00f3n art\u00edstica, Tatiana Delalvz se empapa de todo este arte para aunarlo en un estilo propio, fusionando en su forma de hacer y entender la m\u00fasica todas estas disciplinas con las que creci\u00f3.<\/p>\n<p><b>Sobre Luis Cort\u00e9s<\/b><\/p>\n<p>El joven artista valenciano (nacido en Burjassot) avanza en el mundo de la m\u00fasica haciendo colaboraciones con cantantes de renombre, como\u00a0esta con Tatiana Delalvz. Sus letras son el reflejo de sus vivencias y la de sus cercanos. Su sangre gitana (madre gitana) marca la esencia de su estilo musical. Adem\u00e1s,\u00a0su inspiraci\u00f3n proviene de la m\u00fasica que ha escuchado desde peque\u00f1o, pasando por 50 Cent hasta La Barber\u00eda Del Sur.<\/td>\n<\/tr>\n<\/tbody>\n<\/table>\n<p class=\"v1MsoNormal\">\n<table class=\"v1MsoNormalTable\" border=\"0\" width=\"100%\" cellspacing=\"0\" cellpadding=\"0\">\n<tbody>\n<tr>\n<td>\n<p class=\"v1MsoNormal\"><span style=\"font-size: medium;\"><img loading=\"lazy\" decoding=\"async\" id=\"v1_x0000_i1027\" src=\"https:\/\/i.emlfiles4.com\/cmpimg\/t\/s.gif\" width=\"1\" height=\"20\" border=\"0\" \/><\/span><\/p>\n<\/td>\n<\/tr>\n<\/tbody>\n<\/table>\n","protected":false},"excerpt":{"rendered":"<p>Tatiana Delalvz\u00a0presenta \u00abYo Nac\u00ed Pa Amarte\u00bb en una colaboraci\u00f3n pura y en\u00e9rgica con el joven artista emergente\u00a0Luis Cort\u00e9s. \u00abYo Nac\u00ed Pa Amarte\u00bb\u00a0surge de las ra\u00edces flamencas de ambos artistas, d\u00f3nde el car\u00e1cter de las voces se diluye, sin perder su esencia, entre cajones, palmas y arreglos con un estilo urbano y festivo. Con la intro [&hellip;]<\/p>\n","protected":false},"author":1,"featured_media":1473,"comment_status":"open","ping_status":"open","sticky":false,"template":"","format":"standard","meta":{"_acf_changed":false,"_themeisle_gutenberg_block_has_review":false,"footnotes":""},"categories":[1],"tags":[],"class_list":["post-1472","post","type-post","status-publish","format-standard","has-post-thumbnail","hentry","category-sin-categoria"],"acf":[],"yoast_head":"<!-- This site is optimized with the Yoast SEO plugin v25.3 - https:\/\/yoast.com\/wordpress\/plugins\/seo\/ -->\n<title>TATIANA DELALVZ estrena su nuevo single &#039;Yo Nac\u00ed Pa Amarte&#039; con LUIS CORT\u00c9S - Tatiana Delalvz<\/title>\n<meta name=\"robots\" content=\"index, follow, max-snippet:-1, max-image-preview:large, max-video-preview:-1\" \/>\n<link rel=\"canonical\" href=\"https:\/\/universalmusicsites.es\/tatianadelalvz\/tatiana-delalvz-estrena-su-nuevo-single-yo-naci-pa-amarte-con-luis-cortes\/\" \/>\n<meta property=\"og:locale\" content=\"es_ES\" \/>\n<meta property=\"og:type\" content=\"article\" \/>\n<meta property=\"og:title\" content=\"TATIANA DELALVZ estrena su nuevo single &#039;Yo Nac\u00ed Pa Amarte&#039; con LUIS CORT\u00c9S - Tatiana Delalvz\" \/>\n<meta property=\"og:description\" content=\"Tatiana Delalvz\u00a0presenta \u00abYo Nac\u00ed Pa Amarte\u00bb en una colaboraci\u00f3n pura y en\u00e9rgica con el joven artista emergente\u00a0Luis Cort\u00e9s. \u00abYo Nac\u00ed Pa Amarte\u00bb\u00a0surge de las ra\u00edces flamencas de ambos artistas, d\u00f3nde el car\u00e1cter de las voces se diluye, sin perder su esencia, entre cajones, palmas y arreglos con un estilo urbano y festivo. Con la intro [&hellip;]\" \/>\n<meta property=\"og:url\" content=\"https:\/\/universalmusicsites.es\/tatianadelalvz\/tatiana-delalvz-estrena-su-nuevo-single-yo-naci-pa-amarte-con-luis-cortes\/\" \/>\n<meta property=\"og:site_name\" content=\"Tatiana Delalvz\" \/>\n<meta property=\"article:published_time\" content=\"2022-06-15T09:55:13+00:00\" \/>\n<meta property=\"og:image\" content=\"https:\/\/universalmusicsites.es\/tatianadelalvz\/wp-content\/uploads\/sites\/57\/2022\/06\/4.jpg\" \/>\n\t<meta property=\"og:image:width\" content=\"1830\" \/>\n\t<meta property=\"og:image:height\" content=\"840\" \/>\n\t<meta property=\"og:image:type\" content=\"image\/jpeg\" \/>\n<meta name=\"author\" content=\"keep\" \/>\n<meta name=\"twitter:card\" content=\"summary_large_image\" \/>\n<meta name=\"twitter:label1\" content=\"Escrito por\" \/>\n\t<meta name=\"twitter:data1\" content=\"keep\" \/>\n\t<meta name=\"twitter:label2\" content=\"Tiempo de lectura\" \/>\n\t<meta name=\"twitter:data2\" content=\"2 minutos\" \/>\n<script type=\"application\/ld+json\" class=\"yoast-schema-graph\">{\"@context\":\"https:\/\/schema.org\",\"@graph\":[{\"@type\":\"WebPage\",\"@id\":\"https:\/\/universalmusicsites.es\/tatianadelalvz\/tatiana-delalvz-estrena-su-nuevo-single-yo-naci-pa-amarte-con-luis-cortes\/\",\"url\":\"https:\/\/universalmusicsites.es\/tatianadelalvz\/tatiana-delalvz-estrena-su-nuevo-single-yo-naci-pa-amarte-con-luis-cortes\/\",\"name\":\"TATIANA DELALVZ estrena su nuevo single 'Yo Nac\u00ed Pa Amarte' con LUIS CORT\u00c9S - Tatiana Delalvz\",\"isPartOf\":{\"@id\":\"https:\/\/universalmusicsites.es\/tatianadelalvz\/#website\"},\"primaryImageOfPage\":{\"@id\":\"https:\/\/universalmusicsites.es\/tatianadelalvz\/tatiana-delalvz-estrena-su-nuevo-single-yo-naci-pa-amarte-con-luis-cortes\/#primaryimage\"},\"image\":{\"@id\":\"https:\/\/universalmusicsites.es\/tatianadelalvz\/tatiana-delalvz-estrena-su-nuevo-single-yo-naci-pa-amarte-con-luis-cortes\/#primaryimage\"},\"thumbnailUrl\":\"https:\/\/universalmusicsites.es\/tatianadelalvz\/wp-content\/uploads\/sites\/57\/2022\/06\/4.jpg\",\"datePublished\":\"2022-06-15T09:55:13+00:00\",\"author\":{\"@id\":\"https:\/\/universalmusicsites.es\/tatianadelalvz\/#\/schema\/person\/d3c8c5d4797c04c785efc0900a13c967\"},\"breadcrumb\":{\"@id\":\"https:\/\/universalmusicsites.es\/tatianadelalvz\/tatiana-delalvz-estrena-su-nuevo-single-yo-naci-pa-amarte-con-luis-cortes\/#breadcrumb\"},\"inLanguage\":\"es\",\"potentialAction\":[{\"@type\":\"ReadAction\",\"target\":[\"https:\/\/universalmusicsites.es\/tatianadelalvz\/tatiana-delalvz-estrena-su-nuevo-single-yo-naci-pa-amarte-con-luis-cortes\/\"]}]},{\"@type\":\"ImageObject\",\"inLanguage\":\"es\",\"@id\":\"https:\/\/universalmusicsites.es\/tatianadelalvz\/tatiana-delalvz-estrena-su-nuevo-single-yo-naci-pa-amarte-con-luis-cortes\/#primaryimage\",\"url\":\"https:\/\/universalmusicsites.es\/tatianadelalvz\/wp-content\/uploads\/sites\/57\/2022\/06\/4.jpg\",\"contentUrl\":\"https:\/\/universalmusicsites.es\/tatianadelalvz\/wp-content\/uploads\/sites\/57\/2022\/06\/4.jpg\",\"width\":1830,\"height\":840},{\"@type\":\"BreadcrumbList\",\"@id\":\"https:\/\/universalmusicsites.es\/tatianadelalvz\/tatiana-delalvz-estrena-su-nuevo-single-yo-naci-pa-amarte-con-luis-cortes\/#breadcrumb\",\"itemListElement\":[{\"@type\":\"ListItem\",\"position\":1,\"name\":\"Portada\",\"item\":\"https:\/\/universalmusicsites.es\/tatianadelalvz\/\"},{\"@type\":\"ListItem\",\"position\":2,\"name\":\"TATIANA DELALVZ estrena su nuevo single &#8216;Yo Nac\u00ed Pa Amarte&#8217; con LUIS CORT\u00c9S\"}]},{\"@type\":\"WebSite\",\"@id\":\"https:\/\/universalmusicsites.es\/tatianadelalvz\/#website\",\"url\":\"https:\/\/universalmusicsites.es\/tatianadelalvz\/\",\"name\":\"Tatiana Delalvz\",\"description\":\"Modelo base para la creaci\u00f3n de nuevos site\",\"potentialAction\":[{\"@type\":\"SearchAction\",\"target\":{\"@type\":\"EntryPoint\",\"urlTemplate\":\"https:\/\/universalmusicsites.es\/tatianadelalvz\/?s={search_term_string}\"},\"query-input\":{\"@type\":\"PropertyValueSpecification\",\"valueRequired\":true,\"valueName\":\"search_term_string\"}}],\"inLanguage\":\"es\"},{\"@type\":\"Person\",\"@id\":\"https:\/\/universalmusicsites.es\/tatianadelalvz\/#\/schema\/person\/d3c8c5d4797c04c785efc0900a13c967\",\"name\":\"keep\",\"image\":{\"@type\":\"ImageObject\",\"inLanguage\":\"es\",\"@id\":\"https:\/\/universalmusicsites.es\/tatianadelalvz\/#\/schema\/person\/image\/\",\"url\":\"https:\/\/secure.gravatar.com\/avatar\/9c38fdc644758ff1f149e842793af193cce63cd3cfceeb2885d35370cf22a225?s=96&d=mm&r=g\",\"contentUrl\":\"https:\/\/secure.gravatar.com\/avatar\/9c38fdc644758ff1f149e842793af193cce63cd3cfceeb2885d35370cf22a225?s=96&d=mm&r=g\",\"caption\":\"keep\"},\"url\":\"https:\/\/universalmusicsites.es\/tatianadelalvz\/author\/adm_minisites\/\"}]}<\/script>\n<!-- \/ Yoast SEO plugin. -->","yoast_head_json":{"title":"TATIANA DELALVZ estrena su nuevo single 'Yo Nac\u00ed Pa Amarte' con LUIS CORT\u00c9S - Tatiana Delalvz","robots":{"index":"index","follow":"follow","max-snippet":"max-snippet:-1","max-image-preview":"max-image-preview:large","max-video-preview":"max-video-preview:-1"},"canonical":"https:\/\/universalmusicsites.es\/tatianadelalvz\/tatiana-delalvz-estrena-su-nuevo-single-yo-naci-pa-amarte-con-luis-cortes\/","og_locale":"es_ES","og_type":"article","og_title":"TATIANA DELALVZ estrena su nuevo single 'Yo Nac\u00ed Pa Amarte' con LUIS CORT\u00c9S - Tatiana Delalvz","og_description":"Tatiana Delalvz\u00a0presenta \u00abYo Nac\u00ed Pa Amarte\u00bb en una colaboraci\u00f3n pura y en\u00e9rgica con el joven artista emergente\u00a0Luis Cort\u00e9s. \u00abYo Nac\u00ed Pa Amarte\u00bb\u00a0surge de las ra\u00edces flamencas de ambos artistas, d\u00f3nde el car\u00e1cter de las voces se diluye, sin perder su esencia, entre cajones, palmas y arreglos con un estilo urbano y festivo. Con la intro [&hellip;]","og_url":"https:\/\/universalmusicsites.es\/tatianadelalvz\/tatiana-delalvz-estrena-su-nuevo-single-yo-naci-pa-amarte-con-luis-cortes\/","og_site_name":"Tatiana Delalvz","article_published_time":"2022-06-15T09:55:13+00:00","og_image":[{"width":1830,"height":840,"url":"https:\/\/universalmusicsites.es\/tatianadelalvz\/wp-content\/uploads\/sites\/57\/2022\/06\/4.jpg","type":"image\/jpeg"}],"author":"keep","twitter_card":"summary_large_image","twitter_misc":{"Escrito por":"keep","Tiempo de lectura":"2 minutos"},"schema":{"@context":"https:\/\/schema.org","@graph":[{"@type":"WebPage","@id":"https:\/\/universalmusicsites.es\/tatianadelalvz\/tatiana-delalvz-estrena-su-nuevo-single-yo-naci-pa-amarte-con-luis-cortes\/","url":"https:\/\/universalmusicsites.es\/tatianadelalvz\/tatiana-delalvz-estrena-su-nuevo-single-yo-naci-pa-amarte-con-luis-cortes\/","name":"TATIANA DELALVZ estrena su nuevo single 'Yo Nac\u00ed Pa Amarte' con LUIS CORT\u00c9S - Tatiana Delalvz","isPartOf":{"@id":"https:\/\/universalmusicsites.es\/tatianadelalvz\/#website"},"primaryImageOfPage":{"@id":"https:\/\/universalmusicsites.es\/tatianadelalvz\/tatiana-delalvz-estrena-su-nuevo-single-yo-naci-pa-amarte-con-luis-cortes\/#primaryimage"},"image":{"@id":"https:\/\/universalmusicsites.es\/tatianadelalvz\/tatiana-delalvz-estrena-su-nuevo-single-yo-naci-pa-amarte-con-luis-cortes\/#primaryimage"},"thumbnailUrl":"https:\/\/universalmusicsites.es\/tatianadelalvz\/wp-content\/uploads\/sites\/57\/2022\/06\/4.jpg","datePublished":"2022-06-15T09:55:13+00:00","author":{"@id":"https:\/\/universalmusicsites.es\/tatianadelalvz\/#\/schema\/person\/d3c8c5d4797c04c785efc0900a13c967"},"breadcrumb":{"@id":"https:\/\/universalmusicsites.es\/tatianadelalvz\/tatiana-delalvz-estrena-su-nuevo-single-yo-naci-pa-amarte-con-luis-cortes\/#breadcrumb"},"inLanguage":"es","potentialAction":[{"@type":"ReadAction","target":["https:\/\/universalmusicsites.es\/tatianadelalvz\/tatiana-delalvz-estrena-su-nuevo-single-yo-naci-pa-amarte-con-luis-cortes\/"]}]},{"@type":"ImageObject","inLanguage":"es","@id":"https:\/\/universalmusicsites.es\/tatianadelalvz\/tatiana-delalvz-estrena-su-nuevo-single-yo-naci-pa-amarte-con-luis-cortes\/#primaryimage","url":"https:\/\/universalmusicsites.es\/tatianadelalvz\/wp-content\/uploads\/sites\/57\/2022\/06\/4.jpg","contentUrl":"https:\/\/universalmusicsites.es\/tatianadelalvz\/wp-content\/uploads\/sites\/57\/2022\/06\/4.jpg","width":1830,"height":840},{"@type":"BreadcrumbList","@id":"https:\/\/universalmusicsites.es\/tatianadelalvz\/tatiana-delalvz-estrena-su-nuevo-single-yo-naci-pa-amarte-con-luis-cortes\/#breadcrumb","itemListElement":[{"@type":"ListItem","position":1,"name":"Portada","item":"https:\/\/universalmusicsites.es\/tatianadelalvz\/"},{"@type":"ListItem","position":2,"name":"TATIANA DELALVZ estrena su nuevo single &#8216;Yo Nac\u00ed Pa Amarte&#8217; con LUIS CORT\u00c9S"}]},{"@type":"WebSite","@id":"https:\/\/universalmusicsites.es\/tatianadelalvz\/#website","url":"https:\/\/universalmusicsites.es\/tatianadelalvz\/","name":"Tatiana Delalvz","description":"Modelo base para la creaci\u00f3n de nuevos site","potentialAction":[{"@type":"SearchAction","target":{"@type":"EntryPoint","urlTemplate":"https:\/\/universalmusicsites.es\/tatianadelalvz\/?s={search_term_string}"},"query-input":{"@type":"PropertyValueSpecification","valueRequired":true,"valueName":"search_term_string"}}],"inLanguage":"es"},{"@type":"Person","@id":"https:\/\/universalmusicsites.es\/tatianadelalvz\/#\/schema\/person\/d3c8c5d4797c04c785efc0900a13c967","name":"keep","image":{"@type":"ImageObject","inLanguage":"es","@id":"https:\/\/universalmusicsites.es\/tatianadelalvz\/#\/schema\/person\/image\/","url":"https:\/\/secure.gravatar.com\/avatar\/9c38fdc644758ff1f149e842793af193cce63cd3cfceeb2885d35370cf22a225?s=96&d=mm&r=g","contentUrl":"https:\/\/secure.gravatar.com\/avatar\/9c38fdc644758ff1f149e842793af193cce63cd3cfceeb2885d35370cf22a225?s=96&d=mm&r=g","caption":"keep"},"url":"https:\/\/universalmusicsites.es\/tatianadelalvz\/author\/adm_minisites\/"}]}},"_links":{"self":[{"href":"https:\/\/universalmusicsites.es\/tatianadelalvz\/wp-json\/wp\/v2\/posts\/1472","targetHints":{"allow":["GET"]}}],"collection":[{"href":"https:\/\/universalmusicsites.es\/tatianadelalvz\/wp-json\/wp\/v2\/posts"}],"about":[{"href":"https:\/\/universalmusicsites.es\/tatianadelalvz\/wp-json\/wp\/v2\/types\/post"}],"author":[{"embeddable":true,"href":"https:\/\/universalmusicsites.es\/tatianadelalvz\/wp-json\/wp\/v2\/users\/1"}],"replies":[{"embeddable":true,"href":"https:\/\/universalmusicsites.es\/tatianadelalvz\/wp-json\/wp\/v2\/comments?post=1472"}],"version-history":[{"count":1,"href":"https:\/\/universalmusicsites.es\/tatianadelalvz\/wp-json\/wp\/v2\/posts\/1472\/revisions"}],"predecessor-version":[{"id":1474,"href":"https:\/\/universalmusicsites.es\/tatianadelalvz\/wp-json\/wp\/v2\/posts\/1472\/revisions\/1474"}],"wp:featuredmedia":[{"embeddable":true,"href":"https:\/\/universalmusicsites.es\/tatianadelalvz\/wp-json\/wp\/v2\/media\/1473"}],"wp:attachment":[{"href":"https:\/\/universalmusicsites.es\/tatianadelalvz\/wp-json\/wp\/v2\/media?parent=1472"}],"wp:term":[{"taxonomy":"category","embeddable":true,"href":"https:\/\/universalmusicsites.es\/tatianadelalvz\/wp-json\/wp\/v2\/categories?post=1472"},{"taxonomy":"post_tag","embeddable":true,"href":"https:\/\/universalmusicsites.es\/tatianadelalvz\/wp-json\/wp\/v2\/tags?post=1472"}],"curies":[{"name":"wp","href":"https:\/\/api.w.org\/{rel}","templated":true}]}}