{"id":1440,"date":"2021-03-03T12:24:21","date_gmt":"2021-03-03T11:24:21","guid":{"rendered":"https:\/\/universalmusicsites.es\/juditneddermann\/?p=1440"},"modified":"2021-03-03T12:24:21","modified_gmt":"2021-03-03T11:24:21","slug":"judit-neddermann-presenta-aire-su-nuevo-disco-numero-1-directo-en-itunes","status":"publish","type":"post","link":"https:\/\/universalmusicsites.es\/juditneddermann\/judit-neddermann-presenta-aire-su-nuevo-disco-numero-1-directo-en-itunes\/","title":{"rendered":"JUDIT NEDDERMANN PRESENTA AIRE, SU NUEVO DISCO. N\u00daMERO 1 DIRECTO EN ITUNES"},"content":{"rendered":"<p>La m\u00fasica jalona el camino de <strong>Judit Neddermann<\/strong> desde siempre. Sus padres le transmitieron la pasi\u00f3n por la misma desde que era una cr\u00eda, atizando el crepitante fuego de la vocaci\u00f3n temprana, estimulando su rica formaci\u00f3n acad\u00e9mica y permitiendo el desarrollo de una precoz carrera profesional. Impresiona revisar la hoja de servicios de Neddermann. No s\u00f3lo por la cantidad de asientos que incluye, tambi\u00e9n por la diversidad de g\u00e9neros que ha abordado. Durante un decenio, llev\u00f3 la voz cantante en la banda de mestizaje caribe\u00f1o The Gramophone Allstars. Ha reinterpretado el \u201cWinterreise\u201d de Schubert junto al grupo de cl\u00e1sica contempor\u00e1nea Quartet Brossa. Buce\u00f3 en nuestra riqu\u00edsima tradici\u00f3n folcl\u00f3rica de la mano de la banda de percusi\u00f3n Coetus. Form\u00f3 poderoso equipo con la inclasificable pianista Clara Peya. Y ha colaborado con m\u00fasicos tan populares como Alejandro Sanz, Jorge Drexler, Serrat, Macaco, Amaia o Rozal\u00e9n. Un no parar, lo de Judit.<\/p>\n<p>&nbsp;<\/p>\n<p>La cantante y compositora catalana publicar\u00e1 <strong>\u201cAire\u201d<\/strong> el pr\u00f3ximo 19 de febrero. Es el cuarto \u00e1lbum a su nombre y tambi\u00e9n es el primero que graba en castellano. Un revelador viaje a Cuba, el v\u00ednculo con Alejandro Sanz \u2013quien la espole\u00f3 para que probase a componer en espa\u00f1ol\u2013 y su inter\u00e9s por conquistar otros espacios de creatividad la animaron a tomar este nuevo camino de expresi\u00f3n.<\/p>\n<p>&nbsp;<\/p>\n<p>Las canciones de <strong>\u201cAire\u201d<\/strong> se gestaron en Vilassar de Mar, el pueblo en que <strong>Judit<\/strong> naci\u00f3 hace 29 a\u00f1os. El lugar en que form\u00f3 sus primeros grupos. El sitio en que creci\u00f3 antes de mudarse a Barcelona para estudiar con la primera promoci\u00f3n homologada del prestigioso Taller de M\u00fasics. Hablamos de un disco que fluye sereno pero que llama a las cosas por su nombre. Producido por el multiinstrumentista Arnau Figueres, c\u00f3mplice art\u00edstico de <strong>Judit<\/strong> desde hace un par de a\u00f1os, se grab\u00f3 sin prisas en un buc\u00f3lico rinc\u00f3n del Ampurd\u00e1n, en un proceso de profunda inmersi\u00f3n creativa que ahora se materializa en once composiciones detallistas y din\u00e1micas, aunque plenas de equilibrio. La garganta de Neddermann emite con la potencia acostumbrada, ampl\u00edsima en su registro, matizada cuando es menester, pero siempre emocionante. Una voz cristalina, el\u00e1stica y rica en ox\u00edgeno, modelada en torno al jazz vocal cl\u00e1sico, el folk mediterr\u00e1neo y la tradici\u00f3n pop que navega desde las costas de Brasil hasta las islas de \u00c1frica Occidental.<\/p>\n<p>&nbsp;<\/p>\n<p><strong>\u201cAire\u201d<\/strong> es la bit\u00e1cora de un viaje en el que abundan las escalas de autoafirmaci\u00f3n y sororidad. La sutileza de sus formas contrasta con la consistencia de un discurso que siempre conjuga el femenino, tanto en singular como en plural. En \u00e9l se canta a las mujeres en general \u2013\u201cLuna\u201d\u2013 pero tambi\u00e9n en particular. Es el caso de \u201cJo et canto a tu\u201d, que <strong>Judit<\/strong> compuso pensando en su madre, figura clave en su formaci\u00f3n musical y personal. Aqu\u00ed tambi\u00e9n escuchamos el piano de Meritxell, su hermana mayor, con quien public\u00f3 el delicioso \u201cPresent\u201d hace apenas un a\u00f1o.<\/p>\n<p>&nbsp;<\/p>\n<p>\u201cVete\u201d y \u201cVicio\u201d pasan las p\u00e1ginas m\u00e1s dolorosas de este diario con firmeza, anunciando un tiempo nuevo, libre de relaciones intoxicadas por el yugo del patriarcado. Tambi\u00e9n se celebra el oficio de cantar y compartir canciones con una sonrisa franca y contagiosa, ajena a los dictados que a menudo se imponen desde ciertos despachos. \u201cSiento que vuela\u201d, el primer adelanto del disco, resume en poco m\u00e1s de dos minutos y medio la determinaci\u00f3n de<strong> Judit<\/strong> por extraer lo mejor de un trabajo con el que lleva comprometida toda la vida. Es el sonido de la alegr\u00eda que supone comprobar c\u00f3mo sus partituras tienen un efecto positivo y sanador en aquellas personas que saben apreciar su esfuerzo y la animan a seguir.<\/p>\n<p>&nbsp;<\/p>\n<p><strong>\u201cAire\u201d<\/strong> es una obra org\u00e1nica que sorprende por la coherencia de su estructura interna. Tiene su planteamiento y su nudo, pero propone un final abierto y evocador. En el \u00faltimo tramo dirige su proa hacia las costas de una nueva esperanza, cabal y asequible. \u201cTiempo\u201d, compuesta junto a Arnau Figueres y perfumada con aires de bossanova, allana el camino hacia \u201cBaracoa\u201d, miniatura ac\u00fastica batida por las suaves olas de ese Caribe que tanto ha ense\u00f1ado a <strong>Judit<\/strong>. Es la coda, pero tambi\u00e9n el retorno al origen de un disco que siempre va a estar ah\u00ed, dispuesto a escucharnos.<\/p>\n<p><iframe loading=\"lazy\" title=\"Judit Neddermann - Canta\" width=\"500\" height=\"281\" src=\"https:\/\/www.youtube.com\/embed\/qj1HN3u3xkk?feature=oembed\" frameborder=\"0\" allow=\"accelerometer; autoplay; clipboard-write; encrypted-media; gyroscope; picture-in-picture; web-share\" referrerpolicy=\"strict-origin-when-cross-origin\" allowfullscreen><\/iframe><\/p>\n","protected":false},"excerpt":{"rendered":"<p>La m\u00fasica jalona el camino de Judit Neddermann desde siempre. Sus padres le transmitieron la pasi\u00f3n por la misma desde que era una cr\u00eda, atizando el crepitante fuego de la vocaci\u00f3n temprana, estimulando su rica formaci\u00f3n acad\u00e9mica y permitiendo el desarrollo de una precoz carrera profesional. Impresiona revisar la hoja de servicios de Neddermann. No [&hellip;]<\/p>\n","protected":false},"author":1,"featured_media":1442,"comment_status":"open","ping_status":"open","sticky":false,"template":"","format":"standard","meta":{"_acf_changed":false,"_themeisle_gutenberg_block_has_review":false,"footnotes":""},"categories":[1],"tags":[],"class_list":["post-1440","post","type-post","status-publish","format-standard","has-post-thumbnail","hentry","category-sin-categoria"],"acf":[],"yoast_head":"<!-- This site is optimized with the Yoast SEO plugin v25.3 - https:\/\/yoast.com\/wordpress\/plugins\/seo\/ -->\n<title>JUDIT NEDDERMANN PRESENTA AIRE, SU NUEVO DISCO. N\u00daMERO 1 DIRECTO EN ITUNES - Judit Neddermann<\/title>\n<meta name=\"robots\" content=\"index, follow, max-snippet:-1, max-image-preview:large, max-video-preview:-1\" \/>\n<link rel=\"canonical\" href=\"https:\/\/universalmusicsites.es\/juditneddermann\/judit-neddermann-presenta-aire-su-nuevo-disco-numero-1-directo-en-itunes\/\" \/>\n<meta property=\"og:locale\" content=\"es_ES\" \/>\n<meta property=\"og:type\" content=\"article\" \/>\n<meta property=\"og:title\" content=\"JUDIT NEDDERMANN PRESENTA AIRE, SU NUEVO DISCO. N\u00daMERO 1 DIRECTO EN ITUNES - Judit Neddermann\" \/>\n<meta property=\"og:description\" content=\"La m\u00fasica jalona el camino de Judit Neddermann desde siempre. Sus padres le transmitieron la pasi\u00f3n por la misma desde que era una cr\u00eda, atizando el crepitante fuego de la vocaci\u00f3n temprana, estimulando su rica formaci\u00f3n acad\u00e9mica y permitiendo el desarrollo de una precoz carrera profesional. Impresiona revisar la hoja de servicios de Neddermann. No [&hellip;]\" \/>\n<meta property=\"og:url\" content=\"https:\/\/universalmusicsites.es\/juditneddermann\/judit-neddermann-presenta-aire-su-nuevo-disco-numero-1-directo-en-itunes\/\" \/>\n<meta property=\"og:site_name\" content=\"Judit Neddermann\" \/>\n<meta property=\"article:published_time\" content=\"2021-03-03T11:24:21+00:00\" \/>\n<meta property=\"og:image\" content=\"https:\/\/universalmusicsites.es\/juditneddermann\/wp-content\/uploads\/sites\/48\/2021\/03\/judit-nedderman-1.jpg\" \/>\n\t<meta property=\"og:image:width\" content=\"1264\" \/>\n\t<meta property=\"og:image:height\" content=\"586\" \/>\n\t<meta property=\"og:image:type\" content=\"image\/jpeg\" \/>\n<meta name=\"author\" content=\"keep\" \/>\n<meta name=\"twitter:card\" content=\"summary_large_image\" \/>\n<meta name=\"twitter:label1\" content=\"Escrito por\" \/>\n\t<meta name=\"twitter:data1\" content=\"keep\" \/>\n\t<meta name=\"twitter:label2\" content=\"Tiempo de lectura\" \/>\n\t<meta name=\"twitter:data2\" content=\"4 minutos\" \/>\n<script type=\"application\/ld+json\" class=\"yoast-schema-graph\">{\"@context\":\"https:\/\/schema.org\",\"@graph\":[{\"@type\":\"WebPage\",\"@id\":\"https:\/\/universalmusicsites.es\/juditneddermann\/judit-neddermann-presenta-aire-su-nuevo-disco-numero-1-directo-en-itunes\/\",\"url\":\"https:\/\/universalmusicsites.es\/juditneddermann\/judit-neddermann-presenta-aire-su-nuevo-disco-numero-1-directo-en-itunes\/\",\"name\":\"JUDIT NEDDERMANN PRESENTA AIRE, SU NUEVO DISCO. N\u00daMERO 1 DIRECTO EN ITUNES - Judit Neddermann\",\"isPartOf\":{\"@id\":\"https:\/\/universalmusicsites.es\/juditneddermann\/#website\"},\"primaryImageOfPage\":{\"@id\":\"https:\/\/universalmusicsites.es\/juditneddermann\/judit-neddermann-presenta-aire-su-nuevo-disco-numero-1-directo-en-itunes\/#primaryimage\"},\"image\":{\"@id\":\"https:\/\/universalmusicsites.es\/juditneddermann\/judit-neddermann-presenta-aire-su-nuevo-disco-numero-1-directo-en-itunes\/#primaryimage\"},\"thumbnailUrl\":\"https:\/\/universalmusicsites.es\/juditneddermann\/wp-content\/uploads\/sites\/48\/2021\/03\/judit-nedderman-1.jpg\",\"datePublished\":\"2021-03-03T11:24:21+00:00\",\"author\":{\"@id\":\"https:\/\/universalmusicsites.es\/juditneddermann\/#\/schema\/person\/d3c8c5d4797c04c785efc0900a13c967\"},\"breadcrumb\":{\"@id\":\"https:\/\/universalmusicsites.es\/juditneddermann\/judit-neddermann-presenta-aire-su-nuevo-disco-numero-1-directo-en-itunes\/#breadcrumb\"},\"inLanguage\":\"es\",\"potentialAction\":[{\"@type\":\"ReadAction\",\"target\":[\"https:\/\/universalmusicsites.es\/juditneddermann\/judit-neddermann-presenta-aire-su-nuevo-disco-numero-1-directo-en-itunes\/\"]}]},{\"@type\":\"ImageObject\",\"inLanguage\":\"es\",\"@id\":\"https:\/\/universalmusicsites.es\/juditneddermann\/judit-neddermann-presenta-aire-su-nuevo-disco-numero-1-directo-en-itunes\/#primaryimage\",\"url\":\"https:\/\/universalmusicsites.es\/juditneddermann\/wp-content\/uploads\/sites\/48\/2021\/03\/judit-nedderman-1.jpg\",\"contentUrl\":\"https:\/\/universalmusicsites.es\/juditneddermann\/wp-content\/uploads\/sites\/48\/2021\/03\/judit-nedderman-1.jpg\",\"width\":1264,\"height\":586},{\"@type\":\"BreadcrumbList\",\"@id\":\"https:\/\/universalmusicsites.es\/juditneddermann\/judit-neddermann-presenta-aire-su-nuevo-disco-numero-1-directo-en-itunes\/#breadcrumb\",\"itemListElement\":[{\"@type\":\"ListItem\",\"position\":1,\"name\":\"Portada\",\"item\":\"https:\/\/universalmusicsites.es\/juditneddermann\/\"},{\"@type\":\"ListItem\",\"position\":2,\"name\":\"JUDIT NEDDERMANN PRESENTA AIRE, SU NUEVO DISCO. N\u00daMERO 1 DIRECTO EN ITUNES\"}]},{\"@type\":\"WebSite\",\"@id\":\"https:\/\/universalmusicsites.es\/juditneddermann\/#website\",\"url\":\"https:\/\/universalmusicsites.es\/juditneddermann\/\",\"name\":\"Judit Neddermann\",\"description\":\"Modelo base para la creaci\u00f3n de nuevos site\",\"potentialAction\":[{\"@type\":\"SearchAction\",\"target\":{\"@type\":\"EntryPoint\",\"urlTemplate\":\"https:\/\/universalmusicsites.es\/juditneddermann\/?s={search_term_string}\"},\"query-input\":{\"@type\":\"PropertyValueSpecification\",\"valueRequired\":true,\"valueName\":\"search_term_string\"}}],\"inLanguage\":\"es\"},{\"@type\":\"Person\",\"@id\":\"https:\/\/universalmusicsites.es\/juditneddermann\/#\/schema\/person\/d3c8c5d4797c04c785efc0900a13c967\",\"name\":\"keep\",\"image\":{\"@type\":\"ImageObject\",\"inLanguage\":\"es\",\"@id\":\"https:\/\/universalmusicsites.es\/juditneddermann\/#\/schema\/person\/image\/\",\"url\":\"https:\/\/secure.gravatar.com\/avatar\/9c38fdc644758ff1f149e842793af193cce63cd3cfceeb2885d35370cf22a225?s=96&d=mm&r=g\",\"contentUrl\":\"https:\/\/secure.gravatar.com\/avatar\/9c38fdc644758ff1f149e842793af193cce63cd3cfceeb2885d35370cf22a225?s=96&d=mm&r=g\",\"caption\":\"keep\"},\"url\":\"https:\/\/universalmusicsites.es\/juditneddermann\/author\/adm_minisites\/\"}]}<\/script>\n<!-- \/ Yoast SEO plugin. -->","yoast_head_json":{"title":"JUDIT NEDDERMANN PRESENTA AIRE, SU NUEVO DISCO. N\u00daMERO 1 DIRECTO EN ITUNES - Judit Neddermann","robots":{"index":"index","follow":"follow","max-snippet":"max-snippet:-1","max-image-preview":"max-image-preview:large","max-video-preview":"max-video-preview:-1"},"canonical":"https:\/\/universalmusicsites.es\/juditneddermann\/judit-neddermann-presenta-aire-su-nuevo-disco-numero-1-directo-en-itunes\/","og_locale":"es_ES","og_type":"article","og_title":"JUDIT NEDDERMANN PRESENTA AIRE, SU NUEVO DISCO. N\u00daMERO 1 DIRECTO EN ITUNES - Judit Neddermann","og_description":"La m\u00fasica jalona el camino de Judit Neddermann desde siempre. Sus padres le transmitieron la pasi\u00f3n por la misma desde que era una cr\u00eda, atizando el crepitante fuego de la vocaci\u00f3n temprana, estimulando su rica formaci\u00f3n acad\u00e9mica y permitiendo el desarrollo de una precoz carrera profesional. Impresiona revisar la hoja de servicios de Neddermann. No [&hellip;]","og_url":"https:\/\/universalmusicsites.es\/juditneddermann\/judit-neddermann-presenta-aire-su-nuevo-disco-numero-1-directo-en-itunes\/","og_site_name":"Judit Neddermann","article_published_time":"2021-03-03T11:24:21+00:00","og_image":[{"width":1264,"height":586,"url":"https:\/\/universalmusicsites.es\/juditneddermann\/wp-content\/uploads\/sites\/48\/2021\/03\/judit-nedderman-1.jpg","type":"image\/jpeg"}],"author":"keep","twitter_card":"summary_large_image","twitter_misc":{"Escrito por":"keep","Tiempo de lectura":"4 minutos"},"schema":{"@context":"https:\/\/schema.org","@graph":[{"@type":"WebPage","@id":"https:\/\/universalmusicsites.es\/juditneddermann\/judit-neddermann-presenta-aire-su-nuevo-disco-numero-1-directo-en-itunes\/","url":"https:\/\/universalmusicsites.es\/juditneddermann\/judit-neddermann-presenta-aire-su-nuevo-disco-numero-1-directo-en-itunes\/","name":"JUDIT NEDDERMANN PRESENTA AIRE, SU NUEVO DISCO. N\u00daMERO 1 DIRECTO EN ITUNES - Judit Neddermann","isPartOf":{"@id":"https:\/\/universalmusicsites.es\/juditneddermann\/#website"},"primaryImageOfPage":{"@id":"https:\/\/universalmusicsites.es\/juditneddermann\/judit-neddermann-presenta-aire-su-nuevo-disco-numero-1-directo-en-itunes\/#primaryimage"},"image":{"@id":"https:\/\/universalmusicsites.es\/juditneddermann\/judit-neddermann-presenta-aire-su-nuevo-disco-numero-1-directo-en-itunes\/#primaryimage"},"thumbnailUrl":"https:\/\/universalmusicsites.es\/juditneddermann\/wp-content\/uploads\/sites\/48\/2021\/03\/judit-nedderman-1.jpg","datePublished":"2021-03-03T11:24:21+00:00","author":{"@id":"https:\/\/universalmusicsites.es\/juditneddermann\/#\/schema\/person\/d3c8c5d4797c04c785efc0900a13c967"},"breadcrumb":{"@id":"https:\/\/universalmusicsites.es\/juditneddermann\/judit-neddermann-presenta-aire-su-nuevo-disco-numero-1-directo-en-itunes\/#breadcrumb"},"inLanguage":"es","potentialAction":[{"@type":"ReadAction","target":["https:\/\/universalmusicsites.es\/juditneddermann\/judit-neddermann-presenta-aire-su-nuevo-disco-numero-1-directo-en-itunes\/"]}]},{"@type":"ImageObject","inLanguage":"es","@id":"https:\/\/universalmusicsites.es\/juditneddermann\/judit-neddermann-presenta-aire-su-nuevo-disco-numero-1-directo-en-itunes\/#primaryimage","url":"https:\/\/universalmusicsites.es\/juditneddermann\/wp-content\/uploads\/sites\/48\/2021\/03\/judit-nedderman-1.jpg","contentUrl":"https:\/\/universalmusicsites.es\/juditneddermann\/wp-content\/uploads\/sites\/48\/2021\/03\/judit-nedderman-1.jpg","width":1264,"height":586},{"@type":"BreadcrumbList","@id":"https:\/\/universalmusicsites.es\/juditneddermann\/judit-neddermann-presenta-aire-su-nuevo-disco-numero-1-directo-en-itunes\/#breadcrumb","itemListElement":[{"@type":"ListItem","position":1,"name":"Portada","item":"https:\/\/universalmusicsites.es\/juditneddermann\/"},{"@type":"ListItem","position":2,"name":"JUDIT NEDDERMANN PRESENTA AIRE, SU NUEVO DISCO. N\u00daMERO 1 DIRECTO EN ITUNES"}]},{"@type":"WebSite","@id":"https:\/\/universalmusicsites.es\/juditneddermann\/#website","url":"https:\/\/universalmusicsites.es\/juditneddermann\/","name":"Judit Neddermann","description":"Modelo base para la creaci\u00f3n de nuevos site","potentialAction":[{"@type":"SearchAction","target":{"@type":"EntryPoint","urlTemplate":"https:\/\/universalmusicsites.es\/juditneddermann\/?s={search_term_string}"},"query-input":{"@type":"PropertyValueSpecification","valueRequired":true,"valueName":"search_term_string"}}],"inLanguage":"es"},{"@type":"Person","@id":"https:\/\/universalmusicsites.es\/juditneddermann\/#\/schema\/person\/d3c8c5d4797c04c785efc0900a13c967","name":"keep","image":{"@type":"ImageObject","inLanguage":"es","@id":"https:\/\/universalmusicsites.es\/juditneddermann\/#\/schema\/person\/image\/","url":"https:\/\/secure.gravatar.com\/avatar\/9c38fdc644758ff1f149e842793af193cce63cd3cfceeb2885d35370cf22a225?s=96&d=mm&r=g","contentUrl":"https:\/\/secure.gravatar.com\/avatar\/9c38fdc644758ff1f149e842793af193cce63cd3cfceeb2885d35370cf22a225?s=96&d=mm&r=g","caption":"keep"},"url":"https:\/\/universalmusicsites.es\/juditneddermann\/author\/adm_minisites\/"}]}},"_links":{"self":[{"href":"https:\/\/universalmusicsites.es\/juditneddermann\/wp-json\/wp\/v2\/posts\/1440","targetHints":{"allow":["GET"]}}],"collection":[{"href":"https:\/\/universalmusicsites.es\/juditneddermann\/wp-json\/wp\/v2\/posts"}],"about":[{"href":"https:\/\/universalmusicsites.es\/juditneddermann\/wp-json\/wp\/v2\/types\/post"}],"author":[{"embeddable":true,"href":"https:\/\/universalmusicsites.es\/juditneddermann\/wp-json\/wp\/v2\/users\/1"}],"replies":[{"embeddable":true,"href":"https:\/\/universalmusicsites.es\/juditneddermann\/wp-json\/wp\/v2\/comments?post=1440"}],"version-history":[{"count":1,"href":"https:\/\/universalmusicsites.es\/juditneddermann\/wp-json\/wp\/v2\/posts\/1440\/revisions"}],"predecessor-version":[{"id":1443,"href":"https:\/\/universalmusicsites.es\/juditneddermann\/wp-json\/wp\/v2\/posts\/1440\/revisions\/1443"}],"wp:featuredmedia":[{"embeddable":true,"href":"https:\/\/universalmusicsites.es\/juditneddermann\/wp-json\/wp\/v2\/media\/1442"}],"wp:attachment":[{"href":"https:\/\/universalmusicsites.es\/juditneddermann\/wp-json\/wp\/v2\/media?parent=1440"}],"wp:term":[{"taxonomy":"category","embeddable":true,"href":"https:\/\/universalmusicsites.es\/juditneddermann\/wp-json\/wp\/v2\/categories?post=1440"},{"taxonomy":"post_tag","embeddable":true,"href":"https:\/\/universalmusicsites.es\/juditneddermann\/wp-json\/wp\/v2\/tags?post=1440"}],"curies":[{"name":"wp","href":"https:\/\/api.w.org\/{rel}","templated":true}]}}