{"id":1325,"date":"2019-02-22T10:36:54","date_gmt":"2019-02-22T09:36:54","guid":{"rendered":"http:\/\/universalmusicsites.es\/caliyeldandee\/?p=1325"},"modified":"2020-06-17T18:37:57","modified_gmt":"2020-06-17T16:37:57","slug":"sirena-el-nuevo-y-emotivo-sencillo-de-cali-y-el-dandee","status":"publish","type":"post","link":"https:\/\/universalmusicsites.es\/caliyeldandee\/sirena-el-nuevo-y-emotivo-sencillo-de-cali-y-el-dandee\/","title":{"rendered":"\u00abSirena\u00bb el nuevo y emotivo sencillo de Cali y el Dandee"},"content":{"rendered":"\r\n<p>La m\u00fasica de\u00a0<strong>Cali y el Dandee<\/strong>, los hermanos Alejandro y Mauricio Rengifo P\u00e9rez, est\u00e1 concebida con aires mestizos, sonidos latinos y estructuras pegadizas desde su Colombia natal.<\/p>\r\n\r\n\r\n\r\n<p><strong>Cali y el Dandee<\/strong>\u00a0facturan piezas que irremediablemente se convierten en hits internacionales, temas que hacen fluir la interacci\u00f3n con otros artistas, otros registros sonoros y culturas. Contienen esa personalidad que solo imprime el talento, ricos en voces urbanas, sonidos europeos e influencias anglo, que les permiten crear y so\u00f1ar con todo lo que les fluye desde el coraz\u00f3n.<\/p>\r\n\r\n\r\n\r\n<p>Su primer \u00e9xito en 2011\u00a0<strong>\u201cYo te esperar\u00e9\u201d<\/strong>\u00a0alcanz\u00f3 el\u00a0<strong>#1<\/strong>\u00a0en las radios de\u00a0<strong>Colombia, Argentina, Per\u00fa y Espa\u00f1a<\/strong>, donde lograr\u00edan tambi\u00e9n el Disco de Oro y #1 en las plataformas digitales de\u00a0<strong>iTunes, Spotify y Shazam<\/strong>. Les consolid\u00f3 como uno de los exponentes de la m\u00fasica latina actual y uno de los grupos m\u00e1s vers\u00e1tiles y prometedores. El videoclip de este tema, cuya cifra actual de visitas alcanza los\u00a0<strong>308M<\/strong>\u00a0de visitas en YouTube, fue el m\u00e1s visto en Colombia y el segundo Espa\u00f1a, situando a\u00a0<strong>Cali y el Dandee<\/strong>\u00a0en el top de los artistas latinoamericanos con m\u00e1s proyecci\u00f3n.<\/p>\r\n\r\n\r\n\r\n<p>Despu\u00e9s lleg\u00f3\u00a0<strong>\u201cGol\u201d<\/strong>\u00a0que se convirti\u00f3 en el tema oficial de la\u00a0<strong>Eurocopa<\/strong>\u00a0con la colaboraci\u00f3n de\u00a0<strong>David Bisbal<\/strong>, re-versionada como\u00a0<strong>\u201cNo Hay 2 Sin 3\u201d<\/strong>, se convertir\u00eda en un himno de este campeonato.<\/p>\r\n\r\n\r\n\r\n<p>Con el \u00e9xito de\u00a0<strong>\u00abYo te esperar\u00e9\u00bb<\/strong>\u00a0y\u00a0<strong>\u00abNo hay 2 sin 3\u00bb<\/strong>,\u00a0<strong>Cali y el Dandee<\/strong>\u00a0consiguieron un r\u00e9cord hist\u00f3rico: se convirtieron en el primer grupo en conseguir los primeros puestos en la lista de ventas digitales en nuestro pa\u00eds y recibieron el premio\u00a0<strong>Multiplatino Digital<\/strong>\u00a0por sus descargas en\u00a0<strong>Espa\u00f1a<\/strong>.<\/p>\r\n\r\n\r\n\r\n<p>El videoclip de\u00a0<strong>\u201cNo digas nada (D\u00e9j\u00e0 Vu)\u201d<\/strong>, cuenta con m\u00e1s de 100M de visitas en su canal oficial de Youtube, y recibieron el\u00a0<strong>Disco de Oro Digital<\/strong>\u00a0en Espa\u00f1a.<\/p>\r\n\r\n\r\n\r\n<p>En 2016 Cali y el Dandee consiguieron el bot\u00f3n\u00a0<strong>\u2018Play\u2019 de Oro<\/strong>\u00a0al haber superado el mill\u00f3n de suscriptores en su canal de Youtube.<\/p>\r\n\r\n\r\n\r\n<p>Tras el \u00e9xito de\u00a0<strong>\u2018Por fin te encontr\u00e9\u2019<\/strong>\u00a0junto a Juan Mag\u00e1n y Sebasti\u00e1n Yatra, la gran pieza de la m\u00fasica latina actual y cuyo clip acumula m\u00e1s de 687 millones de views,\u00a0<strong>Cali y el Dandee<\/strong>\u00a0publicaron\u00a0<strong>\u2018Lumbra\u2019<\/strong>, una composici\u00f3n que cuenta con el ADN propio de sus creadores y la participaci\u00f3n del jamaicano y carism\u00e1tico Shaggy.<\/p>\r\n\r\n\r\n\r\n<p>Tras \u201cLumbra\u201d el d\u00fao colombiano nos entreg\u00f3 una pieza \u00fanica ,\u00a0<strong>\u201cLa Estrategia\u201d<\/strong>\u00a0una balada cargada de sentimientos cuyo videoclip ha emocionado a m\u00e1s de 229M de usuarios.<\/p>\r\n\r\n\r\n\r\n<p>Mauricio Rengifo ha recibido junto a Andr\u00e9s Torres el\u00a0<strong>Grammy Latino<\/strong>\u00a0en la categor\u00eda Grabaci\u00f3n del a\u00f1o por \u201cDespacito\u201d lo que les lleva a ser los productores m\u00e1s relevantes en la actualidad.<\/p>\r\n\r\n\r\n\r\n<p>Ahora nos entregan\u00a0<strong>\u2018Sirena\u2019<\/strong>\u00a0otra pieza excepcional que nos va a llegar directa al coraz\u00f3n. No te pierdas su videoclip, dirigido por el venezolano Nuno G\u00f3mes.<\/p>\r\n\r\n\r\n\r\n<p>Sin duda la m\u00fasica y los m\u00fasicos colombianos est\u00e1n de moda, Cali y el Dandee tienen mucho que ver y que aportar a esta tendencia de nuevo con\u00a0<strong>\u2018Sirena\u2019<\/strong>.<\/p>\r\n","protected":false},"excerpt":{"rendered":"<p>La m\u00fasica de\u00a0Cali y el Dandee, los hermanos Alejandro y Mauricio Rengifo P\u00e9rez, est\u00e1 concebida con aires mestizos, sonidos latinos y estructuras pegadizas desde su Colombia natal. Cali y el Dandee\u00a0facturan piezas que irremediablemente se convierten en hits internacionales, temas que hacen fluir la interacci\u00f3n con otros artistas, otros registros sonoros y culturas. Contienen esa [&hellip;]<\/p>\n","protected":false},"author":1,"featured_media":1329,"comment_status":"open","ping_status":"open","sticky":false,"template":"","format":"standard","meta":{"_acf_changed":false,"_themeisle_gutenberg_block_has_review":false,"footnotes":""},"categories":[1],"tags":[],"class_list":["post-1325","post","type-post","status-publish","format-standard","has-post-thumbnail","hentry","category-sin-categoria"],"acf":[],"yoast_head":"<!-- This site is optimized with the Yoast SEO plugin v25.3 - https:\/\/yoast.com\/wordpress\/plugins\/seo\/ -->\n<title>&quot;Sirena&quot; el nuevo y emotivo sencillo de Cali y el Dandee - Cali y El Dandee<\/title>\n<meta name=\"robots\" content=\"index, follow, max-snippet:-1, max-image-preview:large, max-video-preview:-1\" \/>\n<link rel=\"canonical\" href=\"https:\/\/universalmusicsites.es\/caliyeldandee\/sirena-el-nuevo-y-emotivo-sencillo-de-cali-y-el-dandee\/\" \/>\n<meta property=\"og:locale\" content=\"es_ES\" \/>\n<meta property=\"og:type\" content=\"article\" \/>\n<meta property=\"og:title\" content=\"&quot;Sirena&quot; el nuevo y emotivo sencillo de Cali y el Dandee - Cali y El Dandee\" \/>\n<meta property=\"og:description\" content=\"La m\u00fasica de\u00a0Cali y el Dandee, los hermanos Alejandro y Mauricio Rengifo P\u00e9rez, est\u00e1 concebida con aires mestizos, sonidos latinos y estructuras pegadizas desde su Colombia natal. Cali y el Dandee\u00a0facturan piezas que irremediablemente se convierten en hits internacionales, temas que hacen fluir la interacci\u00f3n con otros artistas, otros registros sonoros y culturas. Contienen esa [&hellip;]\" \/>\n<meta property=\"og:url\" content=\"https:\/\/universalmusicsites.es\/caliyeldandee\/sirena-el-nuevo-y-emotivo-sencillo-de-cali-y-el-dandee\/\" \/>\n<meta property=\"og:site_name\" content=\"Cali y El Dandee\" \/>\n<meta property=\"article:published_time\" content=\"2019-02-22T09:36:54+00:00\" \/>\n<meta property=\"article:modified_time\" content=\"2020-06-17T16:37:57+00:00\" \/>\n<meta property=\"og:image\" content=\"https:\/\/universalmusicsites.es\/caliyeldandee\/wp-content\/uploads\/sites\/29\/2019\/02\/201802042019_81.jpg\" \/>\n\t<meta property=\"og:image:width\" content=\"600\" \/>\n\t<meta property=\"og:image:height\" content=\"315\" \/>\n\t<meta property=\"og:image:type\" content=\"image\/jpeg\" \/>\n<meta name=\"author\" content=\"keep\" \/>\n<meta name=\"twitter:card\" content=\"summary_large_image\" \/>\n<meta name=\"twitter:label1\" content=\"Escrito por\" \/>\n\t<meta name=\"twitter:data1\" content=\"keep\" \/>\n\t<meta name=\"twitter:label2\" content=\"Tiempo de lectura\" \/>\n\t<meta name=\"twitter:data2\" content=\"3 minutos\" \/>\n<script type=\"application\/ld+json\" class=\"yoast-schema-graph\">{\"@context\":\"https:\/\/schema.org\",\"@graph\":[{\"@type\":\"WebPage\",\"@id\":\"https:\/\/universalmusicsites.es\/caliyeldandee\/sirena-el-nuevo-y-emotivo-sencillo-de-cali-y-el-dandee\/\",\"url\":\"https:\/\/universalmusicsites.es\/caliyeldandee\/sirena-el-nuevo-y-emotivo-sencillo-de-cali-y-el-dandee\/\",\"name\":\"\\\"Sirena\\\" el nuevo y emotivo sencillo de Cali y el Dandee - Cali y El Dandee\",\"isPartOf\":{\"@id\":\"https:\/\/universalmusicsites.es\/caliyeldandee\/#website\"},\"primaryImageOfPage\":{\"@id\":\"https:\/\/universalmusicsites.es\/caliyeldandee\/sirena-el-nuevo-y-emotivo-sencillo-de-cali-y-el-dandee\/#primaryimage\"},\"image\":{\"@id\":\"https:\/\/universalmusicsites.es\/caliyeldandee\/sirena-el-nuevo-y-emotivo-sencillo-de-cali-y-el-dandee\/#primaryimage\"},\"thumbnailUrl\":\"https:\/\/universalmusicsites.es\/caliyeldandee\/wp-content\/uploads\/sites\/29\/2019\/02\/201802042019_81.jpg\",\"datePublished\":\"2019-02-22T09:36:54+00:00\",\"dateModified\":\"2020-06-17T16:37:57+00:00\",\"author\":{\"@id\":\"https:\/\/universalmusicsites.es\/caliyeldandee\/#\/schema\/person\/d3c8c5d4797c04c785efc0900a13c967\"},\"breadcrumb\":{\"@id\":\"https:\/\/universalmusicsites.es\/caliyeldandee\/sirena-el-nuevo-y-emotivo-sencillo-de-cali-y-el-dandee\/#breadcrumb\"},\"inLanguage\":\"es\",\"potentialAction\":[{\"@type\":\"ReadAction\",\"target\":[\"https:\/\/universalmusicsites.es\/caliyeldandee\/sirena-el-nuevo-y-emotivo-sencillo-de-cali-y-el-dandee\/\"]}]},{\"@type\":\"ImageObject\",\"inLanguage\":\"es\",\"@id\":\"https:\/\/universalmusicsites.es\/caliyeldandee\/sirena-el-nuevo-y-emotivo-sencillo-de-cali-y-el-dandee\/#primaryimage\",\"url\":\"https:\/\/universalmusicsites.es\/caliyeldandee\/wp-content\/uploads\/sites\/29\/2019\/02\/201802042019_81.jpg\",\"contentUrl\":\"https:\/\/universalmusicsites.es\/caliyeldandee\/wp-content\/uploads\/sites\/29\/2019\/02\/201802042019_81.jpg\",\"width\":600,\"height\":315},{\"@type\":\"BreadcrumbList\",\"@id\":\"https:\/\/universalmusicsites.es\/caliyeldandee\/sirena-el-nuevo-y-emotivo-sencillo-de-cali-y-el-dandee\/#breadcrumb\",\"itemListElement\":[{\"@type\":\"ListItem\",\"position\":1,\"name\":\"Portada\",\"item\":\"https:\/\/universalmusicsites.es\/caliyeldandee\/\"},{\"@type\":\"ListItem\",\"position\":2,\"name\":\"\u00abSirena\u00bb el nuevo y emotivo sencillo de Cali y el Dandee\"}]},{\"@type\":\"WebSite\",\"@id\":\"https:\/\/universalmusicsites.es\/caliyeldandee\/#website\",\"url\":\"https:\/\/universalmusicsites.es\/caliyeldandee\/\",\"name\":\"Cali y El Dandee\",\"description\":\"Modelo base para la creaci\u00f3n de nuevos site\",\"potentialAction\":[{\"@type\":\"SearchAction\",\"target\":{\"@type\":\"EntryPoint\",\"urlTemplate\":\"https:\/\/universalmusicsites.es\/caliyeldandee\/?s={search_term_string}\"},\"query-input\":{\"@type\":\"PropertyValueSpecification\",\"valueRequired\":true,\"valueName\":\"search_term_string\"}}],\"inLanguage\":\"es\"},{\"@type\":\"Person\",\"@id\":\"https:\/\/universalmusicsites.es\/caliyeldandee\/#\/schema\/person\/d3c8c5d4797c04c785efc0900a13c967\",\"name\":\"keep\",\"image\":{\"@type\":\"ImageObject\",\"inLanguage\":\"es\",\"@id\":\"https:\/\/universalmusicsites.es\/caliyeldandee\/#\/schema\/person\/image\/\",\"url\":\"https:\/\/secure.gravatar.com\/avatar\/9c38fdc644758ff1f149e842793af193cce63cd3cfceeb2885d35370cf22a225?s=96&d=mm&r=g\",\"contentUrl\":\"https:\/\/secure.gravatar.com\/avatar\/9c38fdc644758ff1f149e842793af193cce63cd3cfceeb2885d35370cf22a225?s=96&d=mm&r=g\",\"caption\":\"keep\"},\"url\":\"https:\/\/universalmusicsites.es\/caliyeldandee\/author\/adm_minisites\/\"}]}<\/script>\n<!-- \/ Yoast SEO plugin. -->","yoast_head_json":{"title":"\"Sirena\" el nuevo y emotivo sencillo de Cali y el Dandee - Cali y El Dandee","robots":{"index":"index","follow":"follow","max-snippet":"max-snippet:-1","max-image-preview":"max-image-preview:large","max-video-preview":"max-video-preview:-1"},"canonical":"https:\/\/universalmusicsites.es\/caliyeldandee\/sirena-el-nuevo-y-emotivo-sencillo-de-cali-y-el-dandee\/","og_locale":"es_ES","og_type":"article","og_title":"\"Sirena\" el nuevo y emotivo sencillo de Cali y el Dandee - Cali y El Dandee","og_description":"La m\u00fasica de\u00a0Cali y el Dandee, los hermanos Alejandro y Mauricio Rengifo P\u00e9rez, est\u00e1 concebida con aires mestizos, sonidos latinos y estructuras pegadizas desde su Colombia natal. Cali y el Dandee\u00a0facturan piezas que irremediablemente se convierten en hits internacionales, temas que hacen fluir la interacci\u00f3n con otros artistas, otros registros sonoros y culturas. Contienen esa [&hellip;]","og_url":"https:\/\/universalmusicsites.es\/caliyeldandee\/sirena-el-nuevo-y-emotivo-sencillo-de-cali-y-el-dandee\/","og_site_name":"Cali y El Dandee","article_published_time":"2019-02-22T09:36:54+00:00","article_modified_time":"2020-06-17T16:37:57+00:00","og_image":[{"width":600,"height":315,"url":"https:\/\/universalmusicsites.es\/caliyeldandee\/wp-content\/uploads\/sites\/29\/2019\/02\/201802042019_81.jpg","type":"image\/jpeg"}],"author":"keep","twitter_card":"summary_large_image","twitter_misc":{"Escrito por":"keep","Tiempo de lectura":"3 minutos"},"schema":{"@context":"https:\/\/schema.org","@graph":[{"@type":"WebPage","@id":"https:\/\/universalmusicsites.es\/caliyeldandee\/sirena-el-nuevo-y-emotivo-sencillo-de-cali-y-el-dandee\/","url":"https:\/\/universalmusicsites.es\/caliyeldandee\/sirena-el-nuevo-y-emotivo-sencillo-de-cali-y-el-dandee\/","name":"\"Sirena\" el nuevo y emotivo sencillo de Cali y el Dandee - Cali y El Dandee","isPartOf":{"@id":"https:\/\/universalmusicsites.es\/caliyeldandee\/#website"},"primaryImageOfPage":{"@id":"https:\/\/universalmusicsites.es\/caliyeldandee\/sirena-el-nuevo-y-emotivo-sencillo-de-cali-y-el-dandee\/#primaryimage"},"image":{"@id":"https:\/\/universalmusicsites.es\/caliyeldandee\/sirena-el-nuevo-y-emotivo-sencillo-de-cali-y-el-dandee\/#primaryimage"},"thumbnailUrl":"https:\/\/universalmusicsites.es\/caliyeldandee\/wp-content\/uploads\/sites\/29\/2019\/02\/201802042019_81.jpg","datePublished":"2019-02-22T09:36:54+00:00","dateModified":"2020-06-17T16:37:57+00:00","author":{"@id":"https:\/\/universalmusicsites.es\/caliyeldandee\/#\/schema\/person\/d3c8c5d4797c04c785efc0900a13c967"},"breadcrumb":{"@id":"https:\/\/universalmusicsites.es\/caliyeldandee\/sirena-el-nuevo-y-emotivo-sencillo-de-cali-y-el-dandee\/#breadcrumb"},"inLanguage":"es","potentialAction":[{"@type":"ReadAction","target":["https:\/\/universalmusicsites.es\/caliyeldandee\/sirena-el-nuevo-y-emotivo-sencillo-de-cali-y-el-dandee\/"]}]},{"@type":"ImageObject","inLanguage":"es","@id":"https:\/\/universalmusicsites.es\/caliyeldandee\/sirena-el-nuevo-y-emotivo-sencillo-de-cali-y-el-dandee\/#primaryimage","url":"https:\/\/universalmusicsites.es\/caliyeldandee\/wp-content\/uploads\/sites\/29\/2019\/02\/201802042019_81.jpg","contentUrl":"https:\/\/universalmusicsites.es\/caliyeldandee\/wp-content\/uploads\/sites\/29\/2019\/02\/201802042019_81.jpg","width":600,"height":315},{"@type":"BreadcrumbList","@id":"https:\/\/universalmusicsites.es\/caliyeldandee\/sirena-el-nuevo-y-emotivo-sencillo-de-cali-y-el-dandee\/#breadcrumb","itemListElement":[{"@type":"ListItem","position":1,"name":"Portada","item":"https:\/\/universalmusicsites.es\/caliyeldandee\/"},{"@type":"ListItem","position":2,"name":"\u00abSirena\u00bb el nuevo y emotivo sencillo de Cali y el Dandee"}]},{"@type":"WebSite","@id":"https:\/\/universalmusicsites.es\/caliyeldandee\/#website","url":"https:\/\/universalmusicsites.es\/caliyeldandee\/","name":"Cali y El Dandee","description":"Modelo base para la creaci\u00f3n de nuevos site","potentialAction":[{"@type":"SearchAction","target":{"@type":"EntryPoint","urlTemplate":"https:\/\/universalmusicsites.es\/caliyeldandee\/?s={search_term_string}"},"query-input":{"@type":"PropertyValueSpecification","valueRequired":true,"valueName":"search_term_string"}}],"inLanguage":"es"},{"@type":"Person","@id":"https:\/\/universalmusicsites.es\/caliyeldandee\/#\/schema\/person\/d3c8c5d4797c04c785efc0900a13c967","name":"keep","image":{"@type":"ImageObject","inLanguage":"es","@id":"https:\/\/universalmusicsites.es\/caliyeldandee\/#\/schema\/person\/image\/","url":"https:\/\/secure.gravatar.com\/avatar\/9c38fdc644758ff1f149e842793af193cce63cd3cfceeb2885d35370cf22a225?s=96&d=mm&r=g","contentUrl":"https:\/\/secure.gravatar.com\/avatar\/9c38fdc644758ff1f149e842793af193cce63cd3cfceeb2885d35370cf22a225?s=96&d=mm&r=g","caption":"keep"},"url":"https:\/\/universalmusicsites.es\/caliyeldandee\/author\/adm_minisites\/"}]}},"_links":{"self":[{"href":"https:\/\/universalmusicsites.es\/caliyeldandee\/wp-json\/wp\/v2\/posts\/1325","targetHints":{"allow":["GET"]}}],"collection":[{"href":"https:\/\/universalmusicsites.es\/caliyeldandee\/wp-json\/wp\/v2\/posts"}],"about":[{"href":"https:\/\/universalmusicsites.es\/caliyeldandee\/wp-json\/wp\/v2\/types\/post"}],"author":[{"embeddable":true,"href":"https:\/\/universalmusicsites.es\/caliyeldandee\/wp-json\/wp\/v2\/users\/1"}],"replies":[{"embeddable":true,"href":"https:\/\/universalmusicsites.es\/caliyeldandee\/wp-json\/wp\/v2\/comments?post=1325"}],"version-history":[{"count":3,"href":"https:\/\/universalmusicsites.es\/caliyeldandee\/wp-json\/wp\/v2\/posts\/1325\/revisions"}],"predecessor-version":[{"id":1377,"href":"https:\/\/universalmusicsites.es\/caliyeldandee\/wp-json\/wp\/v2\/posts\/1325\/revisions\/1377"}],"wp:featuredmedia":[{"embeddable":true,"href":"https:\/\/universalmusicsites.es\/caliyeldandee\/wp-json\/wp\/v2\/media\/1329"}],"wp:attachment":[{"href":"https:\/\/universalmusicsites.es\/caliyeldandee\/wp-json\/wp\/v2\/media?parent=1325"}],"wp:term":[{"taxonomy":"category","embeddable":true,"href":"https:\/\/universalmusicsites.es\/caliyeldandee\/wp-json\/wp\/v2\/categories?post=1325"},{"taxonomy":"post_tag","embeddable":true,"href":"https:\/\/universalmusicsites.es\/caliyeldandee\/wp-json\/wp\/v2\/tags?post=1325"}],"curies":[{"name":"wp","href":"https:\/\/api.w.org\/{rel}","templated":true}]}}